{"id":48,"date":"2019-06-22T17:11:51","date_gmt":"2019-06-22T17:11:51","guid":{"rendered":"https:\/\/www.postmagthemes.com\/demoproisha\/?p=48"},"modified":"2022-02-03T13:14:30","modified_gmt":"2022-02-03T13:14:30","slug":"package","status":"publish","type":"post","link":"https:\/\/susananadalsoriano.com\/index.php\/2019\/06\/22\/package\/","title":{"rendered":"LUZ DE MAR, DE VALENCIA, DE MI SER, YO"},"content":{"rendered":"<h3>&nbsp;<\/h3>\n<h3>&nbsp;<\/h3>\n\n\n<blockquote class=\"wp-block-quote\" style=\"font-size:26px\"><p><strong>LUZ DE MAR, DE VALENCIA, DE MI SER, YO<\/strong><\/p><\/blockquote>\n\n\n\n<div class=\"wp-container-1 wp-block-group\"><div class=\"wp-block-group__inner-container\">\n<h2 class=\"has-text-align-left has-black-color has-text-color has-medium-font-size\" id=\"se-trata-de-una-cuidada-seleccion-de-obras-que-encuentran-su-inspiracion-en-temas-que-son-parte-de-mi-identidad\" style=\"font-style:normal;font-weight:100\"><strong>Se trata de una cuidada selecci\u00f3n de obras, que encuentran su inspiraci\u00f3n en temas que son parte de mi identidad.<\/strong><\/h2>\n\n\n\n<p><\/p>\n\n\n\n<h2 class=\"has-text-align-left has-black-color has-text-color has-medium-font-size\" id=\"la-luz-mi-luz-la-luz-de-valencia-inunda-y-acaricia-reflejando-la-ciudad-su-paisaje-su-color-su-arte\" style=\"font-style:normal;font-weight:100\"><strong>La luz, mi luz, la luz de Valencia. Inunda y acaricia reflejando la ciudad, su paisaje, su color, su arte.<\/strong><\/h2>\n\n\n\n<p><\/p>\n\n\n\n<h2 class=\"has-text-align-left has-black-color has-text-color has-medium-font-size\" id=\"desde-la-observacion-de-la-luz-que-acaricia-y-dibuja-todo-aquello-que-rodea-interpreto-la-realidad-y-con-mis-obras-te-invito-a-ver-a-traves-de-mi-mirada\" style=\"font-style:normal;font-weight:100\"><strong>Desde la observaci\u00f3n de la luz, que acaricia y dibuja todo aquello que rodea, interpreto la realidad, y con mis obras, te invito a ver, a trav\u00e9s de mi mirada.<\/strong><\/h2>\n\n\n\n<p><\/p>\n\n\n\n<h2 class=\"has-text-align-left has-black-color has-text-color has-medium-font-size\" id=\"he-capturado-la-esencia-para-interpretar-la-realidad-he-traducido-mis-sentimientos-a-poesia-y-los-he-dejado-vivir-en-una-obra-de-arte-a-los-ojos-de-quien-los-quiera-ver\" style=\"font-style:normal;font-weight:100\"><strong>He capturado la esencia, para interpretar la realidad, he traducido mis sentimientos a poes\u00eda y los he dejado vivir en una obra de arte,&nbsp; a los ojos de quien los quiera ver.<\/strong><\/h2>\n<\/div><\/div>\n\n\n\n<p><\/p>\n\n\n\n<p><\/p>\n\n\n\n<p><\/p>\n\n\n\n<div style=\"height:124px\" aria-hidden=\"true\" class=\"wp-block-spacer\"><\/div>\n\n\n\n<p><\/p>\n\n\n\n<blockquote class=\"wp-block-quote has-text-align-center\" style=\"font-size:27px\"><p><strong>LA INSPIRACI\u00d3N<\/strong><\/p><\/blockquote>\n\n\n\n<figure class=\"wp-block-pullquote\" style=\"font-size:10px\"><blockquote><p>La inspiraci\u00f3n lleg\u00f3 con la emoci\u00f3n de descubrir la luz, la que siempre me ilumin\u00f3, la que inundaba todo a mi alrededor, cada d\u00eda para permitir que mi mirada descubriese el mundo.<\/p><p>Descubr\u00ed la luz que me hizo ser yo misma.<\/p><p>Cuando te vas lejos y regresas, eres capaz de ver con claridad aquello que siempre hab\u00eda estado en tu existencia y cuya presencia, por ser continua, hab\u00eda pasado desapercibida.<\/p><p>Cuando te vas lejos y regresas, eres capaz de ver aquello que es tuyo, tuyo propio por naturaleza, y cuya presencia forma parte inescrutable de tu ser.<\/p><p>Cuando te vas lejos y regresas, donde siempre hab\u00edas estado, eres capaz de ver aquello que siempre estuvo all\u00ed, contigo, en ti y tambi\u00e9n siempre hab\u00eda pasado desapercibido.<\/p><p>&nbsp;Cuando te vas lejos y regresas, eres capaz de mirar y ver.<\/p><p>Puedes ver aquello que nunca hab\u00edas visto y que forma parte de ti mismo, de tu esencia.<\/p><p>Es entonces cuando sientes que has descubierto tu esencia y descubres quien eres.<\/p><p>Yo, al regresar, descubr\u00ed la luz del mar, de valencia, la que me ha hecho ser yo misma y entend\u00ed que en ese preciso instante yo era, completamente, yo misma.<\/p><\/blockquote><\/figure>\n\n\n\n<p><\/p>\n","protected":false},"excerpt":{"rendered":"<p class=\"text-justify\">&nbsp; &nbsp; LUZ DE MAR, DE VALENCIA, DE MI SER, YO Se trata de una cuidada selecci\u00f3n de obras, que encuentran su inspiraci\u00f3n en temas [&hellip;]<\/p>\n","protected":false},"author":1,"featured_media":721,"comment_status":"closed","ping_status":"closed","sticky":false,"template":"","format":"standard","meta":[],"categories":[5,2],"tags":[],"yoast_head":"<!-- This site is optimized with the Yoast SEO plugin v18.0 - https:\/\/yoast.com\/wordpress\/plugins\/seo\/ -->\n<title>LUZ DE MAR, DE VALENCIA, DE MI SER, YO - SUSANA NADAL SORIANO<\/title>\n<meta name=\"robots\" content=\"index, follow, max-snippet:-1, max-image-preview:large, max-video-preview:-1\" \/>\n<link rel=\"canonical\" href=\"https:\/\/susananadalsoriano.com\/index.php\/2019\/06\/22\/package\/\" \/>\n<meta property=\"og:locale\" content=\"es_ES\" \/>\n<meta property=\"og:type\" content=\"article\" \/>\n<meta property=\"og:title\" content=\"LUZ DE MAR, DE VALENCIA, DE MI SER, YO - SUSANA NADAL SORIANO\" \/>\n<meta property=\"og:description\" content=\"&nbsp; &nbsp; LUZ DE MAR, DE VALENCIA, DE MI SER, YO Se trata de una cuidada selecci\u00f3n de obras, que encuentran su inspiraci\u00f3n en temas [&hellip;]\" \/>\n<meta property=\"og:url\" content=\"https:\/\/susananadalsoriano.com\/index.php\/2019\/06\/22\/package\/\" \/>\n<meta property=\"og:site_name\" content=\"SUSANA NADAL SORIANO\" \/>\n<meta property=\"article:published_time\" content=\"2019-06-22T17:11:51+00:00\" \/>\n<meta property=\"article:modified_time\" content=\"2022-02-03T13:14:30+00:00\" \/>\n<meta property=\"og:image\" content=\"https:\/\/susananadalsoriano.com\/wp-content\/uploads\/2019\/06\/MG_5056-scaled-e1643193978592.jpg\" \/>\n\t<meta property=\"og:image:width\" content=\"2560\" \/>\n\t<meta property=\"og:image:height\" content=\"1568\" \/>\n\t<meta property=\"og:image:type\" content=\"image\/jpeg\" \/>\n<meta name=\"twitter:card\" content=\"summary_large_image\" \/>\n<meta name=\"twitter:label1\" content=\"Escrito por\" \/>\n\t<meta name=\"twitter:data1\" content=\"Susana Nadal Soriano\" \/>\n\t<meta name=\"twitter:label2\" content=\"Tiempo de lectura\" \/>\n\t<meta name=\"twitter:data2\" content=\"2 minutos\" \/>\n<script type=\"application\/ld+json\" class=\"yoast-schema-graph\">{\"@context\":\"https:\/\/schema.org\",\"@graph\":[{\"@type\":\"WebSite\",\"@id\":\"https:\/\/susananadalsoriano.com\/#website\",\"url\":\"https:\/\/susananadalsoriano.com\/\",\"name\":\"SUSANA NADAL SORIANO\",\"description\":\"\",\"potentialAction\":[{\"@type\":\"SearchAction\",\"target\":{\"@type\":\"EntryPoint\",\"urlTemplate\":\"https:\/\/susananadalsoriano.com\/?s={search_term_string}\"},\"query-input\":\"required name=search_term_string\"}],\"inLanguage\":\"es\"},{\"@type\":\"ImageObject\",\"@id\":\"https:\/\/susananadalsoriano.com\/index.php\/2019\/06\/22\/package\/#primaryimage\",\"inLanguage\":\"es\",\"url\":\"https:\/\/susananadalsoriano.com\/wp-content\/uploads\/2019\/06\/MG_5056-scaled-e1643193978592.jpg\",\"contentUrl\":\"https:\/\/susananadalsoriano.com\/wp-content\/uploads\/2019\/06\/MG_5056-scaled-e1643193978592.jpg\",\"width\":2560,\"height\":1568},{\"@type\":\"WebPage\",\"@id\":\"https:\/\/susananadalsoriano.com\/index.php\/2019\/06\/22\/package\/#webpage\",\"url\":\"https:\/\/susananadalsoriano.com\/index.php\/2019\/06\/22\/package\/\",\"name\":\"LUZ DE MAR, DE VALENCIA, DE MI SER, YO - SUSANA NADAL SORIANO\",\"isPartOf\":{\"@id\":\"https:\/\/susananadalsoriano.com\/#website\"},\"primaryImageOfPage\":{\"@id\":\"https:\/\/susananadalsoriano.com\/index.php\/2019\/06\/22\/package\/#primaryimage\"},\"datePublished\":\"2019-06-22T17:11:51+00:00\",\"dateModified\":\"2022-02-03T13:14:30+00:00\",\"author\":{\"@id\":\"https:\/\/susananadalsoriano.com\/#\/schema\/person\/a6b9d2b0a6c3176d842d0ea24b04eb96\"},\"breadcrumb\":{\"@id\":\"https:\/\/susananadalsoriano.com\/index.php\/2019\/06\/22\/package\/#breadcrumb\"},\"inLanguage\":\"es\",\"potentialAction\":[{\"@type\":\"ReadAction\",\"target\":[\"https:\/\/susananadalsoriano.com\/index.php\/2019\/06\/22\/package\/\"]}]},{\"@type\":\"BreadcrumbList\",\"@id\":\"https:\/\/susananadalsoriano.com\/index.php\/2019\/06\/22\/package\/#breadcrumb\",\"itemListElement\":[{\"@type\":\"ListItem\",\"position\":1,\"name\":\"Home\",\"item\":\"https:\/\/susananadalsoriano.com\/\"},{\"@type\":\"ListItem\",\"position\":2,\"name\":\"LUZ DE MAR, DE VALENCIA, DE MI SER, YO\"}]},{\"@type\":\"Person\",\"@id\":\"https:\/\/susananadalsoriano.com\/#\/schema\/person\/a6b9d2b0a6c3176d842d0ea24b04eb96\",\"name\":\"Susana Nadal Soriano\",\"image\":{\"@type\":\"ImageObject\",\"@id\":\"https:\/\/susananadalsoriano.com\/#personlogo\",\"inLanguage\":\"es\",\"url\":\"https:\/\/secure.gravatar.com\/avatar\/32098a96f178298d17ac42afb0c86f84?s=96&d=mm&r=g\",\"contentUrl\":\"https:\/\/secure.gravatar.com\/avatar\/32098a96f178298d17ac42afb0c86f84?s=96&d=mm&r=g\",\"caption\":\"Susana Nadal Soriano\"},\"url\":\"https:\/\/susananadalsoriano.com\/index.php\/author\/admin_actualiart\/\"}]}<\/script>\n<!-- \/ Yoast SEO plugin. -->","yoast_head_json":{"title":"LUZ DE MAR, DE VALENCIA, DE MI SER, YO - SUSANA NADAL SORIANO","robots":{"index":"index","follow":"follow","max-snippet":"max-snippet:-1","max-image-preview":"max-image-preview:large","max-video-preview":"max-video-preview:-1"},"canonical":"https:\/\/susananadalsoriano.com\/index.php\/2019\/06\/22\/package\/","og_locale":"es_ES","og_type":"article","og_title":"LUZ DE MAR, DE VALENCIA, DE MI SER, YO - SUSANA NADAL SORIANO","og_description":"&nbsp; &nbsp; LUZ DE MAR, DE VALENCIA, DE MI SER, YO Se trata de una cuidada selecci\u00f3n de obras, que encuentran su inspiraci\u00f3n en temas [&hellip;]","og_url":"https:\/\/susananadalsoriano.com\/index.php\/2019\/06\/22\/package\/","og_site_name":"SUSANA NADAL SORIANO","article_published_time":"2019-06-22T17:11:51+00:00","article_modified_time":"2022-02-03T13:14:30+00:00","og_image":[{"width":2560,"height":1568,"url":"https:\/\/susananadalsoriano.com\/wp-content\/uploads\/2019\/06\/MG_5056-scaled-e1643193978592.jpg","type":"image\/jpeg"}],"twitter_card":"summary_large_image","twitter_misc":{"Escrito por":"Susana Nadal Soriano","Tiempo de lectura":"2 minutos"},"schema":{"@context":"https:\/\/schema.org","@graph":[{"@type":"WebSite","@id":"https:\/\/susananadalsoriano.com\/#website","url":"https:\/\/susananadalsoriano.com\/","name":"SUSANA NADAL SORIANO","description":"","potentialAction":[{"@type":"SearchAction","target":{"@type":"EntryPoint","urlTemplate":"https:\/\/susananadalsoriano.com\/?s={search_term_string}"},"query-input":"required name=search_term_string"}],"inLanguage":"es"},{"@type":"ImageObject","@id":"https:\/\/susananadalsoriano.com\/index.php\/2019\/06\/22\/package\/#primaryimage","inLanguage":"es","url":"https:\/\/susananadalsoriano.com\/wp-content\/uploads\/2019\/06\/MG_5056-scaled-e1643193978592.jpg","contentUrl":"https:\/\/susananadalsoriano.com\/wp-content\/uploads\/2019\/06\/MG_5056-scaled-e1643193978592.jpg","width":2560,"height":1568},{"@type":"WebPage","@id":"https:\/\/susananadalsoriano.com\/index.php\/2019\/06\/22\/package\/#webpage","url":"https:\/\/susananadalsoriano.com\/index.php\/2019\/06\/22\/package\/","name":"LUZ DE MAR, DE VALENCIA, DE MI SER, YO - SUSANA NADAL SORIANO","isPartOf":{"@id":"https:\/\/susananadalsoriano.com\/#website"},"primaryImageOfPage":{"@id":"https:\/\/susananadalsoriano.com\/index.php\/2019\/06\/22\/package\/#primaryimage"},"datePublished":"2019-06-22T17:11:51+00:00","dateModified":"2022-02-03T13:14:30+00:00","author":{"@id":"https:\/\/susananadalsoriano.com\/#\/schema\/person\/a6b9d2b0a6c3176d842d0ea24b04eb96"},"breadcrumb":{"@id":"https:\/\/susananadalsoriano.com\/index.php\/2019\/06\/22\/package\/#breadcrumb"},"inLanguage":"es","potentialAction":[{"@type":"ReadAction","target":["https:\/\/susananadalsoriano.com\/index.php\/2019\/06\/22\/package\/"]}]},{"@type":"BreadcrumbList","@id":"https:\/\/susananadalsoriano.com\/index.php\/2019\/06\/22\/package\/#breadcrumb","itemListElement":[{"@type":"ListItem","position":1,"name":"Home","item":"https:\/\/susananadalsoriano.com\/"},{"@type":"ListItem","position":2,"name":"LUZ DE MAR, DE VALENCIA, DE MI SER, YO"}]},{"@type":"Person","@id":"https:\/\/susananadalsoriano.com\/#\/schema\/person\/a6b9d2b0a6c3176d842d0ea24b04eb96","name":"Susana Nadal Soriano","image":{"@type":"ImageObject","@id":"https:\/\/susananadalsoriano.com\/#personlogo","inLanguage":"es","url":"https:\/\/secure.gravatar.com\/avatar\/32098a96f178298d17ac42afb0c86f84?s=96&d=mm&r=g","contentUrl":"https:\/\/secure.gravatar.com\/avatar\/32098a96f178298d17ac42afb0c86f84?s=96&d=mm&r=g","caption":"Susana Nadal Soriano"},"url":"https:\/\/susananadalsoriano.com\/index.php\/author\/admin_actualiart\/"}]}},"_links":{"self":[{"href":"https:\/\/susananadalsoriano.com\/index.php\/wp-json\/wp\/v2\/posts\/48"}],"collection":[{"href":"https:\/\/susananadalsoriano.com\/index.php\/wp-json\/wp\/v2\/posts"}],"about":[{"href":"https:\/\/susananadalsoriano.com\/index.php\/wp-json\/wp\/v2\/types\/post"}],"author":[{"embeddable":true,"href":"https:\/\/susananadalsoriano.com\/index.php\/wp-json\/wp\/v2\/users\/1"}],"replies":[{"embeddable":true,"href":"https:\/\/susananadalsoriano.com\/index.php\/wp-json\/wp\/v2\/comments?post=48"}],"version-history":[{"count":16,"href":"https:\/\/susananadalsoriano.com\/index.php\/wp-json\/wp\/v2\/posts\/48\/revisions"}],"predecessor-version":[{"id":837,"href":"https:\/\/susananadalsoriano.com\/index.php\/wp-json\/wp\/v2\/posts\/48\/revisions\/837"}],"wp:featuredmedia":[{"embeddable":true,"href":"https:\/\/susananadalsoriano.com\/index.php\/wp-json\/wp\/v2\/media\/721"}],"wp:attachment":[{"href":"https:\/\/susananadalsoriano.com\/index.php\/wp-json\/wp\/v2\/media?parent=48"}],"wp:term":[{"taxonomy":"category","embeddable":true,"href":"https:\/\/susananadalsoriano.com\/index.php\/wp-json\/wp\/v2\/categories?post=48"},{"taxonomy":"post_tag","embeddable":true,"href":"https:\/\/susananadalsoriano.com\/index.php\/wp-json\/wp\/v2\/tags?post=48"}],"curies":[{"name":"wp","href":"https:\/\/api.w.org\/{rel}","templated":true}]}}